{"id":5112,"date":"2026-03-30T16:57:10","date_gmt":"2026-03-30T15:57:10","guid":{"rendered":"https:\/\/stevenson-fontainebleau.fr\/2026\/03\/24\/assemblee-generale-dimanche-29-mars\/?p=5112"},"modified":"2026-03-30T16:57:10","modified_gmt":"2026-03-30T15:57:10","slug":"voyage-sonore-et-visuel","status":"publish","type":"post","link":"https:\/\/stevenson-fontainebleau.fr\/2026\/03\/24\/assemblee-generale-dimanche-29-mars\/2026\/03\/30\/voyage-sonore-et-visuel\/","title":{"rendered":"voyage sonore et visuel"},"content":{"rendered":"\n<p>Ce voyage sonore et visuel se veut une ode aux bienfaits de la marche, et plus intimement encore \u00e0 la randonn\u00e9e-lecture, telle que la fait vivre l\u2019association Robert Louis Stevenson.<\/p>\n\n\n\n<p>Au fil des sentiers et des mots, les voix des adh\u00e9rents se m\u00ealent aux paysages. Leurs t\u00e9moignages ont \u00e9t\u00e9 recueillis en octobre 2025, lors de la \u00ab Journ\u00e9e Stevenson \u00bb, ce rendez-vous annuel o\u00f9 se croisent pas, r\u00e9cits et imaginaires.<\/p>\n\n\n\n<p>\u00a0Jean-Luc Grzeskowiak<\/p>\n\n\n\n<p>Et pour prolonger l\u2019\u00e9vasion, voici le lien vers ma cha\u00eene YouTube :<\/p>\n\n\n\n<figure class=\"wp-block-embed is-type-video is-provider-youtube wp-block-embed-youtube wp-embed-aspect-16-9 wp-has-aspect-ratio\"><div class=\"wp-block-embed__wrapper\">\n<iframe loading=\"lazy\" title=\"Association Robert Louis Stevenson\" width=\"474\" height=\"267\" src=\"https:\/\/www.youtube.com\/embed\/OkaCBKg1bR4?feature=oembed\" frameborder=\"0\" allow=\"accelerometer; autoplay; clipboard-write; encrypted-media; gyroscope; picture-in-picture; web-share\" referrerpolicy=\"strict-origin-when-cross-origin\" allowfullscreen><\/iframe>\n<\/div><\/figure>\n","protected":false},"excerpt":{"rendered":"<p>Ce voyage sonore et visuel se veut une ode aux bienfaits de la marche, et plus intimement encore \u00e0 la randonn\u00e9e-lecture, telle que la fait vivre l\u2019association Robert Louis Stevenson. Au fil des sentiers et des mots, les voix des adh\u00e9rents se m\u00ealent aux paysages. Leurs t\u00e9moignages ont \u00e9t\u00e9 recueillis en octobre 2025, lors de &hellip; <a href=\"https:\/\/stevenson-fontainebleau.fr\/2026\/03\/24\/assemblee-generale-dimanche-29-mars\/2026\/03\/30\/voyage-sonore-et-visuel\/\" class=\"more-link\">Continuer la lecture de <span class=\"screen-reader-text\">voyage sonore et visuel<\/span>  <span class=\"meta-nav\">&rarr;<\/span><\/a><\/p>\n","protected":false},"author":1,"featured_media":0,"comment_status":"closed","ping_status":"","sticky":false,"template":"","format":"standard","meta":{"footnotes":""},"categories":[1],"tags":[],"class_list":["post-5112","post","type-post","status-publish","format-standard","hentry","category-non-classe"],"_links":{"self":[{"href":"https:\/\/stevenson-fontainebleau.fr\/2026\/03\/24\/assemblee-generale-dimanche-29-mars\/wp-json\/wp\/v2\/posts\/5112","targetHints":{"allow":["GET"]}}],"collection":[{"href":"https:\/\/stevenson-fontainebleau.fr\/2026\/03\/24\/assemblee-generale-dimanche-29-mars\/wp-json\/wp\/v2\/posts"}],"about":[{"href":"https:\/\/stevenson-fontainebleau.fr\/2026\/03\/24\/assemblee-generale-dimanche-29-mars\/wp-json\/wp\/v2\/types\/post"}],"author":[{"embeddable":true,"href":"https:\/\/stevenson-fontainebleau.fr\/2026\/03\/24\/assemblee-generale-dimanche-29-mars\/wp-json\/wp\/v2\/users\/1"}],"replies":[{"embeddable":true,"href":"https:\/\/stevenson-fontainebleau.fr\/2026\/03\/24\/assemblee-generale-dimanche-29-mars\/wp-json\/wp\/v2\/comments?post=5112"}],"version-history":[{"count":1,"href":"https:\/\/stevenson-fontainebleau.fr\/2026\/03\/24\/assemblee-generale-dimanche-29-mars\/wp-json\/wp\/v2\/posts\/5112\/revisions"}],"predecessor-version":[{"id":5113,"href":"https:\/\/stevenson-fontainebleau.fr\/2026\/03\/24\/assemblee-generale-dimanche-29-mars\/wp-json\/wp\/v2\/posts\/5112\/revisions\/5113"}],"wp:attachment":[{"href":"https:\/\/stevenson-fontainebleau.fr\/2026\/03\/24\/assemblee-generale-dimanche-29-mars\/wp-json\/wp\/v2\/media?parent=5112"}],"wp:term":[{"taxonomy":"category","embeddable":true,"href":"https:\/\/stevenson-fontainebleau.fr\/2026\/03\/24\/assemblee-generale-dimanche-29-mars\/wp-json\/wp\/v2\/categories?post=5112"},{"taxonomy":"post_tag","embeddable":true,"href":"https:\/\/stevenson-fontainebleau.fr\/2026\/03\/24\/assemblee-generale-dimanche-29-mars\/wp-json\/wp\/v2\/tags?post=5112"}],"curies":[{"name":"wp","href":"https:\/\/api.w.org\/{rel}","templated":true}]}}